{"id":288,"date":"2015-01-08T18:15:03","date_gmt":"2015-01-08T21:15:03","guid":{"rendered":"http:\/\/www.myfriend.cl\/bm\/?p=288"},"modified":"2015-01-12T11:08:49","modified_gmt":"2015-01-12T14:08:49","slug":"actriz-y-musica-de-fina-estampa","status":"publish","type":"post","link":"https:\/\/www.myfriend.cl\/es\/actriz-y-musica-de-fina-estampa\/","title":{"rendered":"Actr\u00edz y M\u00fasica de Fina Estampa"},"content":{"rendered":"\r\n\t<div id=\"fws_6a992b5cb76b9\" data-bg-mobile-hidden=\"\" class=\"wpb_row vc_row-fluid standard_section   \"  style=\"padding-top: 0px; padding-bottom: 0px; \"><div class=\"row-bg-wrap\"> <div class=\"row-bg   \" style=\"\"><\/div> <\/div><div class=\"col span_12 dark \">\n\t<div  class=\"vc_span12 wpb_column column_container col no-extra-padding\"  data-padding-pos=\"all\" data-hover-bg=\"\" data-animation=\"\" data-delay=\"0\">\n\t\t<div class=\"wpb_wrapper\">\n\t\t\t\r\n    <div class=\"col span_12 section-title text-align-center extra-padding\">\r\n\t\t<h2>\n<h1>ACTRIZ Y M\u00daSICA DE FINA ESTAMPA<\/h1>\n<\/h2><\/div><div class=\"clear\"><\/div>\n\t\t<\/div> \n\t<\/div> \n<\/div><\/div>\r\n\t<div id=\"fws_6a992b5cb7fc7\" data-bg-mobile-hidden=\"\" class=\"wpb_row vc_row-fluid standard_section   \"  style=\"padding-top: 0px; padding-bottom: 0px; \"><div class=\"row-bg-wrap\"> <div class=\"row-bg   \" style=\"\"><\/div> <\/div><div class=\"col span_12 dark \">\n\t<div  class=\"vc_span6 wpb_column column_container col no-extra-padding\"  data-padding-pos=\"all\" data-hover-bg=\"\" data-animation=\"\" data-delay=\"0\">\n\t\t<div class=\"wpb_wrapper\">\n\t\t\t\n\t<div class=\"wpb_text_column wpb_content_element \">\n\t\t<div class=\"wpb_wrapper\">\n\t\t\t<p>En una serie de cuidado registro audiovisual potente contenido dram\u00e1tico e int\u00e9rpretes de alto nivel, el debut actoral de Daniela Ram\u00edrez en TVN cumpli\u00f3 con dignidad. Pero s\u00ed, en \u201cLos Archivos del Cardenal\u201d, esta j\u00f3ven actriz oficia de solista en una imponente tragedia coral. Ahora en Esperanza, se alza como gran protagonista de una historia tan simple como predectible, tan artificial como s\u00f3lo los decorados o desempe\u00f1os actorales de un culebr\u00f3n pueden ser. Y s\u00ed, \u201cEsperanza\u201d cumple a cabalidad con buena parte de los clich\u00e9s del g\u00e9nero que Chile suele importar desde Mexico o \u00a0Venezuela, pero la sola presencia de Ram\u00edrez le da a la coproducci\u00f3n de TVN y My Friend un sesgo de identidad local y hasta de calidad. Si ella logra ser convincente en su entrega como mujer peruana que llega a emplearse de nana a Santiago para enviarle dinero a su madre e hijo, es precisamente porque est\u00e1 lejos del clich\u00e9. Su personaje tiene dulzura y car\u00e1cter, todo lo necesario para encantar a unos y enfrentar a los que hacen de la xenofobia un leit motiv &#8211; actual y necesario &#8211; en esta producci\u00f3n.<\/p>\n\n\t\t<\/div> \n\t<\/div> \n\t\t<\/div> \n\t<\/div> \n\n\t<div  class=\"vc_span6 wpb_column column_container col no-extra-padding\"  data-padding-pos=\"all\" data-hover-bg=\"\" data-animation=\"\" data-delay=\"0\">\n\t\t<div class=\"wpb_wrapper\">\n\t\t\t\n\t<div class=\"wpb_text_column wpb_content_element \">\n\t\t<div class=\"wpb_wrapper\">\n\t\t\t<p>El otro punto alto de esta teleserie es, por lejos, la musicalizaci\u00f3n. El tema central del grupo La Gaucha, y el tema rom\u00e1ntico, a cargo de Los V\u00e1squez, dan a la teleserie un ba\u00f1o de frescura que est\u00e1 muy por arriba del est\u00e1ndar internacional, y que adem\u00e1s permite encubrir el punto m\u00e1s d\u00e9bil de la producci\u00f3n local: su gal\u00e1n. Porque aunque la escuela de Jos\u00e9 Bardina, Ricardo Blume, Salvador Pineda y el linaje de los Capetillo, est\u00e1 lejos de los matices interpretativos. \u00c1lvaro Escobar incluso logra hacer un aporte al rol m\u00e1s maniqueo que ofrece el culebr\u00f3n. El ex diputado consigue hacer de hombre que enamor\u00f3 a Esperanza por una noche hace 10 a\u00f1os en Per\u00fa, y que ahora se reencuentra con ella como patr\u00f3n y sin saber que tienen un hijo en com\u00fan, una especie de ser inanimado que reacciona mec\u00e1nicamente a la l\u00ednea de texto que le toca interpretar, sin que importe construir una personalidad o darle a la trama una continuidad.<\/p>\n\n\t\t<\/div> \n\t<\/div> \n\t\t<\/div> \n\t<\/div> \n<\/div><\/div>\n","protected":false},"excerpt":{"rendered":"<p>Claudia Guzm\u00e1n, en una serie de registro audiovisual, potente contenido dram\u00e1tico e int\u00e9rpretes de alto nivel, el debut actoral de Daniela Ram\u00edrez en TVN cumpli\u00f3 con dignidad. Pero s\u00ed en \u201cLos Archivos del Cardenal\u201d esta joven actriz oficia de solista en una imponente tragedia coral, ahora en \u201cEsperanza\u201d se alza como gran protagonista de una historia<\/p>\n","protected":false},"author":5,"featured_media":280,"comment_status":"closed","ping_status":"open","sticky":false,"template":"","format":"standard","meta":[],"categories":[9],"tags":[],"_links":{"self":[{"href":"https:\/\/www.myfriend.cl\/es\/wp-json\/wp\/v2\/posts\/288\/"}],"collection":[{"href":"https:\/\/www.myfriend.cl\/es\/wp-json\/wp\/v2\/posts\/"}],"about":[{"href":"https:\/\/www.myfriend.cl\/es\/wp-json\/wp\/v2\/types\/post\/"}],"author":[{"embeddable":true,"href":"https:\/\/www.myfriend.cl\/es\/wp-json\/wp\/v2\/users\/5\/"}],"replies":[{"embeddable":true,"href":"https:\/\/www.myfriend.cl\/es\/wp-json\/wp\/v2\/comments\/?post=288"}],"version-history":[{"count":7,"href":"https:\/\/www.myfriend.cl\/es\/wp-json\/wp\/v2\/posts\/288\/revisions\/"}],"predecessor-version":[{"id":437,"href":"https:\/\/www.myfriend.cl\/es\/wp-json\/wp\/v2\/posts\/288\/revisions\/437\/"}],"wp:featuredmedia":[{"embeddable":true,"href":"https:\/\/www.myfriend.cl\/es\/wp-json\/wp\/v2\/media\/280\/"}],"wp:attachment":[{"href":"https:\/\/www.myfriend.cl\/es\/wp-json\/wp\/v2\/media\/?parent=288"}],"wp:term":[{"taxonomy":"category","embeddable":true,"href":"https:\/\/www.myfriend.cl\/es\/wp-json\/wp\/v2\/categories\/?post=288"},{"taxonomy":"post_tag","embeddable":true,"href":"https:\/\/www.myfriend.cl\/es\/wp-json\/wp\/v2\/tags\/?post=288"}],"curies":[{"name":"wp","href":"https:\/\/api.w.org\/{rel}","templated":true}]}}